[{"@context":"https:\/\/schema.org\/","@type":"Article","@id":"https:\/\/www.skalimar.cz\/dejte-temto-oknum-cervenou-a-vymente-je-za-nova\/#Article","mainEntityOfPage":"https:\/\/www.skalimar.cz\/dejte-temto-oknum-cervenou-a-vymente-je-za-nova\/","headline":"Dejte t\u011bmto okn\u016fm \u010dervenou a vym\u011b\u0148te je za nov\u00e1","name":"Dejte t\u011bmto okn\u016fm \u010dervenou a vym\u011b\u0148te je za nov\u00e1","description":"Eurookna M\u00e1te doma okna, kter\u00e1 p\u0159i ka\u017ed\u00e9 manipulaci nep\u0159\u00edjemn\u00e9 vr\u017eou, kter\u00e1 nedok\u00e1\u017eou udr\u017eet v m\u00edstnosti teplo a kter\u00e1 jsou po vzhledov\u00e9 str\u00e1nce sp\u00ed\u0161e podpr\u016fm\u011brn\u00e1? Dejte t\u011bmto okn\u016fm \u010dervenou a vym\u011b\u0148te je za nov\u00e1, za lep\u0161\u00ed a modern\u011bj\u0161\u00ed. Vym\u011b\u0148te je za eurookna ! Eurookna Nic nen\u00ed hez\u010d\u00edho, ne\u017e d\u0159ev\u011bn\u00e9 prvky v interi\u00e9ru. Dok\u00e1\u017eou skv\u011ble navodit dom\u00e1c\u00ed [&hellip;]","datePublished":"2025-03-19","dateModified":"2025-03-19","author":{"@type":"Person","@id":"https:\/\/www.skalimar.cz\/author\/#Person","name":"skalimar.cz","url":"https:\/\/www.skalimar.cz\/author\/","identifier":1,"image":{"@type":"ImageObject","@id":"https:\/\/secure.gravatar.com\/avatar\/8eaf08ef5a7e54fc91db02b2058b03bc913caaaa39c046819bbf43d06bd23c2b?s=96&d=mm&r=g","url":"https:\/\/secure.gravatar.com\/avatar\/8eaf08ef5a7e54fc91db02b2058b03bc913caaaa39c046819bbf43d06bd23c2b?s=96&d=mm&r=g","height":96,"width":96}},"publisher":{"@type":"Organization","name":"skalimar.cz","logo":{"@type":"ImageObject","@id":"\/logo.png","url":"\/logo.png","width":600,"height":60}},"url":"https:\/\/www.skalimar.cz\/dejte-temto-oknum-cervenou-a-vymente-je-za-nova\/","wordCount":185,"articleBody":" Eurookna M\u00e1te doma okna, kter\u00e1 p\u0159i ka\u017ed\u00e9 manipulaci nep\u0159\u00edjemn\u00e9 vr\u017eou, kter\u00e1 nedok\u00e1\u017eou udr\u017eet v m\u00edstnosti teplo a kter\u00e1 jsou po vzhledov\u00e9 str\u00e1nce sp\u00ed\u0161e podpr\u016fm\u011brn\u00e1? Dejte t\u011bmto okn\u016fm \u010dervenou a vym\u011b\u0148te je za nov\u00e1, za lep\u0161\u00ed a modern\u011bj\u0161\u00ed. Vym\u011b\u0148te je za eurookna ! Eurookna Nic nen\u00ed hez\u010d\u00edho, ne\u017e d\u0159ev\u011bn\u00e9 prvky v interi\u00e9ru. Dok\u00e1\u017eou skv\u011ble navodit dom\u00e1c\u00ed atmosf\u00e9ru a za\u0159\u00eddit, aby se v\u0161ichni \u010dlenov\u00e9 dom\u00e1cnosti a i p\u0159\u00edpadn\u00e9 n\u00e1v\u0161t\u011bvy c\u00edtili perfektn\u011b a \u00fatuln\u011b. Vyu\u017eijte pr\u00e1v\u011b na\u0161e eurookna, kter\u00e1 jsou vyroben\u00e1 ze d\u0159eva. Na v\u0161echny domy Pt\u00e1te se, jestli mohou b\u00fdt eurookna pou\u017eit\u00e1 pr\u00e1v\u011b na va\u0161em dom\u011b? Nemus\u00edte m\u00edt starosti, na\u0161e d\u0159ev\u011bn\u00e1 okna, kter\u00e1 v\u00e1m nab\u00edz\u00edme, m\u016f\u017eete vyu\u017e\u00edt v ka\u017ed\u00e9m dom\u011b, a\u0165 u\u017e pasivn\u00edm a nebo t\u0159eba v apartm\u00e1nu. Krom\u011b toho se tak\u00e9 skv\u011ble hod\u00ed do pracoven a do kancel\u00e1\u0159\u00ed.                                                                                                                                                                                                                                                                                                                                                                                                "},{"@context":"https:\/\/schema.org\/","@type":"BreadcrumbList","itemListElement":[{"@type":"ListItem","position":1,"name":"Dejte t\u011bmto okn\u016fm \u010dervenou a vym\u011b\u0148te je za nov\u00e1","item":"https:\/\/www.skalimar.cz\/dejte-temto-oknum-cervenou-a-vymente-je-za-nova\/#breadcrumbitem"}]}]