[{"@context":"https:\/\/schema.org\/","@type":"Article","@id":"https:\/\/www.skalimar.cz\/krasny-byt-nesmi-byt-precpany-vecmi\/#Article","mainEntityOfPage":"https:\/\/www.skalimar.cz\/krasny-byt-nesmi-byt-precpany-vecmi\/","headline":"Kr\u00e1sn\u00fd byt nesm\u00ed b\u00fdt p\u0159ecpan\u00fd v\u011bcmi","name":"Kr\u00e1sn\u00fd byt nesm\u00ed b\u00fdt p\u0159ecpan\u00fd v\u011bcmi","description":"Pokud n\u00e1m z\u00e1le\u017e\u00ed na tom, abychom m\u011bli kr\u00e1sn\u00fd byt, tak by m\u011bl b\u00fdt p\u0159edev\u0161\u00edm vzdu\u0161n\u00fd a prostorn\u00fd. Ov\u0161em i ten sebev\u011bt\u0161\u00ed byt bude vypadat zahlcen\u00fd a p\u0159ecpan\u00fd, pokud v n\u011bm budeme m\u00edt p\u0159\u00edli\u0161 mnoho v\u011bc\u00ed. Anebo je\u0161t\u011b l\u00e9pe \u0159e\u010deno, pokud v n\u011bm budeme m\u00edt p\u0159\u00edli\u0161 mnoho neuspo\u0159\u00e1dan\u00fdch v\u011bc\u00ed. Pokud se n\u00e1m v ka\u017ed\u00e9m kout\u011b budou [&hellip;]","datePublished":"2018-08-19","dateModified":"2018-08-19","author":{"@type":"Person","@id":"https:\/\/www.skalimar.cz\/author\/#Person","name":"skalimar.cz","url":"https:\/\/www.skalimar.cz\/author\/","identifier":1,"image":{"@type":"ImageObject","@id":"https:\/\/secure.gravatar.com\/avatar\/8eaf08ef5a7e54fc91db02b2058b03bc913caaaa39c046819bbf43d06bd23c2b?s=96&d=mm&r=g","url":"https:\/\/secure.gravatar.com\/avatar\/8eaf08ef5a7e54fc91db02b2058b03bc913caaaa39c046819bbf43d06bd23c2b?s=96&d=mm&r=g","height":96,"width":96}},"publisher":{"@type":"Organization","name":"skalimar.cz","logo":{"@type":"ImageObject","@id":"\/logo.png","url":"\/logo.png","width":600,"height":60}},"image":{"@type":"ImageObject","@id":"https:\/\/www.skalimar.cz\/wp-content\/uploads\/img_a324393_w2426_t1536179951.jpg","url":"https:\/\/www.skalimar.cz\/wp-content\/uploads\/img_a324393_w2426_t1536179951.jpg","height":0,"width":0},"url":"https:\/\/www.skalimar.cz\/krasny-byt-nesmi-byt-precpany-vecmi\/","about":["Domov"],"wordCount":443,"articleBody":"Pokud n\u00e1m z\u00e1le\u017e\u00ed na tom, abychom m\u011bli kr\u00e1sn\u00fd byt, tak by m\u011bl b\u00fdt p\u0159edev\u0161\u00edm vzdu\u0161n\u00fd a prostorn\u00fd. Ov\u0161em i ten sebev\u011bt\u0161\u00ed byt bude vypadat zahlcen\u00fd a p\u0159ecpan\u00fd, pokud v n\u011bm budeme m\u00edt p\u0159\u00edli\u0161 mnoho v\u011bc\u00ed. Anebo je\u0161t\u011b l\u00e9pe \u0159e\u010deno, pokud v n\u011bm budeme m\u00edt p\u0159\u00edli\u0161 mnoho neuspo\u0159\u00e1dan\u00fdch v\u011bc\u00ed. Pokud se n\u00e1m v ka\u017ed\u00e9m kout\u011b budou v\u00e1let knihy, na polic\u00edch bude jeden spot\u0159ebi\u010d vedle druh\u00e9ho a na\u0161e oble\u010den\u00ed bude v\u0161ude po byt\u011b viset na ram\u00ednk\u00e1ch, nikdy z takov\u00e9ho bytu \u00fatuln\u00e9 m\u00edsto nevykouzl\u00edme. Ov\u0161em pokud bychom v\u0161echny tyto rozmanit\u00e9 v\u011bci nastrkali do jedn\u00e9 obrovsk\u00e9 sk\u0159\u00edn\u011b a zav\u0159eli za nimi dv\u00ed\u0159ka, najednou bychom m\u011bli v byt\u011b uklizeno, \u010disto a \u00fatulno. A tak\u00e9 bychom r\u00e1zem m\u011bli mnoho m\u00edsta nav\u00edc.  A je to tak snadn\u00e9, jak to na prvn\u00ed pohled vypad\u00e1. Zkr\u00e1tka, sta\u010d\u00ed po\u0159\u00eddit si velkou sk\u0159\u00ed\u0148, do n\u00ed schovat v\u0161e, co nepot\u0159ebujeme m\u00edt nutn\u011b po ruce, a je to. A uvid\u00edte, \u017ee se v\u00e1m takov\u00fd syst\u00e9m brzy zal\u00edb\u00ed. Za prv\u00e9 t\u0159eba proto, \u017ee budete m\u00edt v byt\u011b r\u00e1zem uklizeno. Za druh\u00e9 t\u0159eba proto, \u017ee v\u0161e, co budete hledat, najdete na jednom m\u00edst\u011b. A za t\u0159et\u00ed jist\u011b ocen\u00edte i to, \u017ee si vnit\u0159n\u00ed prostor takov\u00e9 sk\u0159\u00edn\u011b budete moci nechat zorganizovat na m\u00edru va\u0161im pot\u0159eb\u00e1m. Tak skv\u011bl\u00e9 to bude, pokud si po\u0159\u00edd\u00edte vestav\u011bn\u00e9 sk\u0159\u00edn\u011b na m\u00edru Praha. Jedn\u00e1 se o kvalitn\u00ed kousky n\u00e1bytku, kter\u00e9 se v\u00e1m jist\u011b zal\u00edb\u00ed, proto\u017ee si budete moci vyb\u00edrat z des\u00edtek r\u016fzn\u00fdch dekor\u016f a typ\u016f proveden\u00ed, tak\u017ee v\u00fdsledek bude p\u0159esn\u011b odpov\u00eddat va\u0161im p\u0159edstav\u00e1m.  Takovou vestav\u011bnou sk\u0159\u00ed\u0148 m\u016f\u017eete nechat zhotovit na m\u00edru prostoru, kter\u00fd m\u00e1te k dispozici, kter\u00fd je u v\u00e1s doma nevyu\u017eit\u00fd anebo i trochu nevzhledn\u00fd, zkr\u00e1tka si m\u016f\u017eete vybrat, kde bude sk\u0159\u00ed\u0148 st\u00e1t. P\u0159\u00edpadn\u011b ji m\u016f\u017eete nechat zhotovit podle va\u0161eho vlastn\u00edho n\u00e1vrhu \u010di n\u00e1vrhu bytov\u00e9ho architekta. Sk\u0159\u00ed\u0148 m\u016f\u017ee m\u00edt t\u0159eba zrcadlov\u00e1 dv\u00ed\u0159ka, posuvn\u00e9 dve\u0159e anebo takov\u00fd dekor, kter\u00fd se bude do zvolen\u00e9ho prostoru ide\u00e1ln\u011b hodit. Sta\u010d\u00ed jen p\u00e1r t\u00fddn\u016f a m\u016f\u017eete sk\u0159\u00ed\u0148 za\u010d\u00edt plnit v\u0161\u00edm, co chcete prakticky uschovat.                                                                                                                                                                                                                                                                                                                                                                                         4.9\/5 - (10 votes)        "},{"@context":"https:\/\/schema.org\/","@type":"BreadcrumbList","itemListElement":[{"@type":"ListItem","position":1,"name":"Kr\u00e1sn\u00fd byt nesm\u00ed b\u00fdt p\u0159ecpan\u00fd v\u011bcmi","item":"https:\/\/www.skalimar.cz\/krasny-byt-nesmi-byt-precpany-vecmi\/#breadcrumbitem"}]}]