[{"@context":"https:\/\/schema.org\/","@type":"Article","@id":"https:\/\/www.skalimar.cz\/vsechny-prece-touzime-po-tom-abychom-misto-starnuti-stale-mladly\/#Article","mainEntityOfPage":"https:\/\/www.skalimar.cz\/vsechny-prece-touzime-po-tom-abychom-misto-starnuti-stale-mladly\/","headline":"V\u0161echny p\u0159ece tou\u017e\u00edme po tom, abychom m\u00edsto st\u00e1rnut\u00ed st\u00e1le ml\u00e1dly","name":"V\u0161echny p\u0159ece tou\u017e\u00edme po tom, abychom m\u00edsto st\u00e1rnut\u00ed st\u00e1le ml\u00e1dly","description":"Kter\u00e1 \u017eena by necht\u011bla m\u00edt kr\u00e1snou hladkou ple\u0165, vypadat mlad\u011b a kr\u00e1sn\u011b. To u\u017e ale bohu\u017eel od ur\u010dit\u00e9ho v\u011bku nejde jen tak samo o sob\u011b, je d\u016fle\u017eit\u00e9 o ple\u0165 pravideln\u011b a d\u016fsledn\u011b pe\u010dovat, a pak je mo\u017eno o\u010dek\u00e1vat skv\u011bl\u00e9 v\u00fdsledky. Je samoz\u0159ejm\u00e9, \u017ee pro tuto p\u00e9\u010di by ka\u017ed\u00e1 \u017eena m\u011bla zvolit naprosto dokonalou a profesion\u00e1ln\u00ed [&hellip;]","datePublished":"2025-08-24","dateModified":"2025-08-24","author":{"@type":"Person","@id":"https:\/\/www.skalimar.cz\/author\/#Person","name":"skalimar.cz","url":"https:\/\/www.skalimar.cz\/author\/","identifier":1,"image":{"@type":"ImageObject","@id":"https:\/\/secure.gravatar.com\/avatar\/8eaf08ef5a7e54fc91db02b2058b03bc913caaaa39c046819bbf43d06bd23c2b?s=96&d=mm&r=g","url":"https:\/\/secure.gravatar.com\/avatar\/8eaf08ef5a7e54fc91db02b2058b03bc913caaaa39c046819bbf43d06bd23c2b?s=96&d=mm&r=g","height":96,"width":96}},"publisher":{"@type":"Organization","name":"skalimar.cz","logo":{"@type":"ImageObject","@id":"\/logo.png","url":"\/logo.png","width":600,"height":60}},"url":"https:\/\/www.skalimar.cz\/vsechny-prece-touzime-po-tom-abychom-misto-starnuti-stale-mladly\/","wordCount":235,"articleBody":"Kter\u00e1 \u017eena by necht\u011bla m\u00edt kr\u00e1snou hladkou ple\u0165, vypadat mlad\u011b a kr\u00e1sn\u011b. To u\u017e ale bohu\u017eel od ur\u010dit\u00e9ho v\u011bku nejde jen tak samo o sob\u011b, je d\u016fle\u017eit\u00e9 o ple\u0165 pravideln\u011b a d\u016fsledn\u011b pe\u010dovat, a pak je mo\u017eno o\u010dek\u00e1vat skv\u011bl\u00e9 v\u00fdsledky. Je samoz\u0159ejm\u00e9, \u017ee pro tuto p\u00e9\u010di by ka\u017ed\u00e1 \u017eena m\u011bla zvolit naprosto dokonalou a profesion\u00e1ln\u00ed kvalitn\u00ed kosmetiku, proto\u017ee jinak k\u00fd\u017een\u00e9ho v\u00fdsledku nejen\u017ee nedos\u00e1hne, ale zad\u011bl\u00e1v\u00e1 si i na probl\u00e9m vzniku nejr\u016fzn\u011bj\u0161\u00edch forem dermatitid, zejm\u00e9na pokud s\u00e1hne po nevhodn\u00fdch a nekvalitn\u00edch prost\u0159edc\u00edch. Profesionalita se cen\u00ed &#8211; a v p\u00e9\u010di o ple\u0165 obzvl\u00e1\u0161\u0165 Pokud tedy, mil\u00e9 d\u00e1my, hled\u00e1te takovou \u0159adu p\u0159\u00edpravk\u016f pro p\u00e9\u010di o ple\u0165, kter\u00e1 v\u00e1m p\u0159inese zaru\u010den\u00fd efekt, potom to mus\u00ed b\u00fdt pr\u00e1v\u011b kosmetika spole\u010dnosti CHRISTIANA, kter\u00e1 je p\u0159ipravena v\u00e1s h\u00fd\u010dkat a ope\u010dov\u00e1vat. I kdy\u017e m\u00e1te problematick\u00fd typ pleti, l\u00e9pe \u0159e\u010deno, pr\u00e1v\u011b pokud m\u00e1te problematick\u00fd typ pleti, s\u00e1hn\u011bte po produktech nab\u00edzen\u00fdch jmenovanou spole\u010dnost\u00ed, nebo\u0165 pr\u00e1v\u011b ony si dok\u00e1\u017e\u00ed poradit jak s poko\u017ekou problematickou, tak i tou, kter\u00e1 je naprosto zdrav\u00e1, pouze j\u00ed chyb\u00ed ta spr\u00e1vn\u00e1 p\u00e9\u010de.                                                                                                                                                                                                                                                                                                                                                                                                "},{"@context":"https:\/\/schema.org\/","@type":"BreadcrumbList","itemListElement":[{"@type":"ListItem","position":1,"name":"V\u0161echny p\u0159ece tou\u017e\u00edme po tom, abychom m\u00edsto st\u00e1rnut\u00ed st\u00e1le ml\u00e1dly","item":"https:\/\/www.skalimar.cz\/vsechny-prece-touzime-po-tom-abychom-misto-starnuti-stale-mladly\/#breadcrumbitem"}]}]